{"id":2447,"date":"2023-02-27T10:48:00","date_gmt":"2023-02-27T09:48:00","guid":{"rendered":"https:\/\/mozart-gesellschaft-dortmund.de\/?post_type=presse&#038;p=2447"},"modified":"2023-04-16T14:59:01","modified_gmt":"2023-04-16T12:59:01","slug":"ruhr-nachrichten-8","status":"publish","type":"presse","link":"https:\/\/mozart-gesellschaft-dortmund.de\/en\/press\/ruhr-nachrichten-8\/","title":{"rendered":"Ruhr Nachrichten"},"content":{"rendered":"<p style=\"font-weight: 400;\"><strong>Konzertkleidung der Musiker und die Pauken waren im LKW verschlossen<\/strong><\/p>\n<p style=\"font-weight: 400;\">Ohne Konzertkleidung und ohne Pauken kamen die Jenaer Philharmoniker am Sonntag zur Matinee der Mozart Gesellschaft Dortmund mit zehn Minuten Versp\u00e4tung auf die B\u00fchne des Konzerthauses. Die Klappe des LKW der Th\u00fcringer mit den Kleiderkisten und Pauken lie\u00df sich nicht mehr \u00f6ffnen.<br \/>\nDie Pauken bekam das Orchester von den Dortmunder Philharmonikern geliehen, und in Jeans und Sweatshirt spielten die 48 Musiker nicht schlechter als im Abendkleid und Frack.<br \/>\nEinen schottischen Mendelssohn-Rahmen hatte die Matinee mit der \u201eHebriden\u201c-Ouvert\u00fcre und der \u201eSchottischen Sinfonie\u201c. Kontrastreich in Tempo und Dynamik legte Simon Gaudenz am Pult beide Werke an, betonte mit einem temperamentvollen, kraftvollen Dirigat das Schroffe und Aufbrausende der Musik. Der 48-j\u00e4hrige Schweizer zeigte aber auch ausgelassene Tanzmusik und lie\u00df das Orchester sp\u00e4ter gef\u00fchlvoll weich spielen.<br \/>\nMit dem Moskauer Pianisten Ivan Bessonov, Stipendiat der Mozart Gesellschaft Dortmund seit 2019, hatte der Jenaer Generalmusikdirektor einen Partner als Solisten in Mozarts Klavierkonzert KV 491, der ebenso differenziert gestaltete. Auf die sanft gespielte Einleitung folgte fast chopinsche Brillanz und am Schluss ein detailverliebt ausgeformtes Finale. Wirkungsvoll: Gaudenz setzte die Holzbl\u00e4ser nach vorn, dahin, wo sonst die ersten Geigen sitzen. Dadurch klangen sie pr\u00e4senter.<br \/>\nMit Tschaikowskys \u201eNussknacker\u201c-Konzertsuite, die Bessonov kraftvoll wie ein Rachmaninoff-Werk spielte, und einem Bach-Pr\u00e9lude dankte der erst 20-j\u00e4hrige als Zugabe. Mozarts \u201eFigaro\u201c-Ouvert\u00fcre als Zugabe des Orchesters sprengte jedoch nach dem zu langen Programm den Zeitrahmen.<br \/>\n<span style=\"color: #000000;\"><em>*JG<\/em><\/span><\/p>\n","protected":false},"featured_media":2441,"template":"","class_list":["post-2447","presse","type-presse","status-publish","has-post-thumbnail","hentry"],"acf":[],"yoast_head":"<!-- This site is optimized with the Yoast SEO plugin v27.5 - https:\/\/yoast.com\/product\/yoast-seo-wordpress\/ -->\n<title>Ruhr Nachrichten - Mozart Gesellschaft Dortmund e.V.<\/title>\n<meta name=\"robots\" content=\"index, follow, max-snippet:-1, max-image-preview:large, max-video-preview:-1\" \/>\n<link rel=\"canonical\" href=\"https:\/\/mozart-gesellschaft-dortmund.de\/en\/press\/ruhr-nachrichten-8\/\" \/>\n<meta property=\"og:locale\" content=\"en_US\" \/>\n<meta property=\"og:type\" content=\"article\" \/>\n<meta property=\"og:title\" content=\"Ruhr Nachrichten - Mozart Gesellschaft Dortmund e.V.\" \/>\n<meta property=\"og:description\" content=\"Konzertkleidung der Musiker und die Pauken waren im LKW verschlossen Ohne Konzertkleidung und ohne Pauken kamen die Jenaer Philharmoniker am Sonntag zur Matinee der Mozart Gesellschaft Dortmund mit zehn Minuten Versp\u00e4tung auf die B\u00fchne des Konzerthauses. Read more\" \/>\n<meta property=\"og:url\" content=\"https:\/\/mozart-gesellschaft-dortmund.de\/en\/press\/ruhr-nachrichten-8\/\" \/>\n<meta property=\"og:site_name\" content=\"Mozart Gesellschaft Dortmund e.V.\" \/>\n<meta property=\"article:publisher\" content=\"https:\/\/www.facebook.com\/mozart.gesellschaft.dortmund\" \/>\n<meta property=\"article:modified_time\" content=\"2023-04-16T12:59:01+00:00\" \/>\n<meta property=\"og:image\" content=\"https:\/\/mozart-gesellschaft-dortmund.de\/wp-content\/uploads\/mozart_matinee_26-02-23_3.jpg\" \/>\n\t<meta property=\"og:image:width\" content=\"1200\" \/>\n\t<meta property=\"og:image:height\" content=\"796\" \/>\n\t<meta property=\"og:image:type\" content=\"image\/jpeg\" \/>\n<meta name=\"twitter:card\" content=\"summary_large_image\" \/>\n<meta name=\"twitter:label1\" content=\"Est. reading time\" \/>\n\t<meta name=\"twitter:data1\" content=\"1 minute\" \/>\n<script type=\"application\/ld+json\" class=\"yoast-schema-graph\">{\"@context\":\"https:\\\/\\\/schema.org\",\"@graph\":[{\"@type\":\"WebPage\",\"@id\":\"https:\\\/\\\/mozart-gesellschaft-dortmund.de\\\/en\\\/press\\\/ruhr-nachrichten-8\\\/\",\"url\":\"https:\\\/\\\/mozart-gesellschaft-dortmund.de\\\/en\\\/press\\\/ruhr-nachrichten-8\\\/\",\"name\":\"Ruhr Nachrichten - Mozart Gesellschaft Dortmund e.V.\",\"isPartOf\":{\"@id\":\"https:\\\/\\\/mozart-gesellschaft-dortmund.de\\\/en\\\/#website\"},\"primaryImageOfPage\":{\"@id\":\"https:\\\/\\\/mozart-gesellschaft-dortmund.de\\\/en\\\/press\\\/ruhr-nachrichten-8\\\/#primaryimage\"},\"image\":{\"@id\":\"https:\\\/\\\/mozart-gesellschaft-dortmund.de\\\/en\\\/press\\\/ruhr-nachrichten-8\\\/#primaryimage\"},\"thumbnailUrl\":\"https:\\\/\\\/mozart-gesellschaft-dortmund.de\\\/wp-content\\\/uploads\\\/mozart_matinee_26-02-23_3.jpg\",\"datePublished\":\"2023-02-27T09:48:00+00:00\",\"dateModified\":\"2023-04-16T12:59:01+00:00\",\"breadcrumb\":{\"@id\":\"https:\\\/\\\/mozart-gesellschaft-dortmund.de\\\/en\\\/press\\\/ruhr-nachrichten-8\\\/#breadcrumb\"},\"inLanguage\":\"en-US\",\"potentialAction\":[{\"@type\":\"ReadAction\",\"target\":[\"https:\\\/\\\/mozart-gesellschaft-dortmund.de\\\/en\\\/press\\\/ruhr-nachrichten-8\\\/\"]}]},{\"@type\":\"ImageObject\",\"inLanguage\":\"en-US\",\"@id\":\"https:\\\/\\\/mozart-gesellschaft-dortmund.de\\\/en\\\/press\\\/ruhr-nachrichten-8\\\/#primaryimage\",\"url\":\"https:\\\/\\\/mozart-gesellschaft-dortmund.de\\\/wp-content\\\/uploads\\\/mozart_matinee_26-02-23_3.jpg\",\"contentUrl\":\"https:\\\/\\\/mozart-gesellschaft-dortmund.de\\\/wp-content\\\/uploads\\\/mozart_matinee_26-02-23_3.jpg\",\"width\":1200,\"height\":796},{\"@type\":\"BreadcrumbList\",\"@id\":\"https:\\\/\\\/mozart-gesellschaft-dortmund.de\\\/en\\\/press\\\/ruhr-nachrichten-8\\\/#breadcrumb\",\"itemListElement\":[{\"@type\":\"ListItem\",\"position\":1,\"name\":\"Startseite\",\"item\":\"https:\\\/\\\/mozart-gesellschaft-dortmund.de\\\/en\\\/startseite\\\/\"},{\"@type\":\"ListItem\",\"position\":2,\"name\":\"Presse\",\"item\":\"https:\\\/\\\/mozart-gesellschaft-dortmund.de\\\/en\\\/press\\\/\"},{\"@type\":\"ListItem\",\"position\":3,\"name\":\"Ruhr Nachrichten\"}]},{\"@type\":\"WebSite\",\"@id\":\"https:\\\/\\\/mozart-gesellschaft-dortmund.de\\\/en\\\/#website\",\"url\":\"https:\\\/\\\/mozart-gesellschaft-dortmund.de\\\/en\\\/\",\"name\":\"Mozart Gesellschaft Dortmund e.V.\",\"description\":\"\",\"publisher\":{\"@id\":\"https:\\\/\\\/mozart-gesellschaft-dortmund.de\\\/en\\\/#organization\"},\"potentialAction\":[{\"@type\":\"SearchAction\",\"target\":{\"@type\":\"EntryPoint\",\"urlTemplate\":\"https:\\\/\\\/mozart-gesellschaft-dortmund.de\\\/en\\\/?s={search_term_string}\"},\"query-input\":{\"@type\":\"PropertyValueSpecification\",\"valueRequired\":true,\"valueName\":\"search_term_string\"}}],\"inLanguage\":\"en-US\"},{\"@type\":\"Organization\",\"@id\":\"https:\\\/\\\/mozart-gesellschaft-dortmund.de\\\/en\\\/#organization\",\"name\":\"Mozart Gesellschaft Dortmund e.V.\",\"url\":\"https:\\\/\\\/mozart-gesellschaft-dortmund.de\\\/en\\\/\",\"logo\":{\"@type\":\"ImageObject\",\"inLanguage\":\"en-US\",\"@id\":\"https:\\\/\\\/mozart-gesellschaft-dortmund.de\\\/en\\\/#\\\/schema\\\/logo\\\/image\\\/\",\"url\":\"https:\\\/\\\/mozart-gesellschaft-dortmund.de\\\/wp-content\\\/uploads\\\/MGD_Logo_70Jahre.svg\",\"contentUrl\":\"https:\\\/\\\/mozart-gesellschaft-dortmund.de\\\/wp-content\\\/uploads\\\/MGD_Logo_70Jahre.svg\",\"width\":96,\"height\":44,\"caption\":\"Mozart Gesellschaft Dortmund e.V.\"},\"image\":{\"@id\":\"https:\\\/\\\/mozart-gesellschaft-dortmund.de\\\/en\\\/#\\\/schema\\\/logo\\\/image\\\/\"},\"sameAs\":[\"https:\\\/\\\/www.facebook.com\\\/mozart.gesellschaft.dortmund\",\"https:\\\/\\\/www.instagram.com\\\/mozartgesellschaft\\\/\"]}]}<\/script>\n<!-- \/ Yoast SEO plugin. -->","yoast_head_json":{"title":"Ruhr Nachrichten - Mozart Gesellschaft Dortmund e.V.","robots":{"index":"index","follow":"follow","max-snippet":"max-snippet:-1","max-image-preview":"max-image-preview:large","max-video-preview":"max-video-preview:-1"},"canonical":"https:\/\/mozart-gesellschaft-dortmund.de\/en\/press\/ruhr-nachrichten-8\/","og_locale":"en_US","og_type":"article","og_title":"Ruhr Nachrichten - Mozart Gesellschaft Dortmund e.V.","og_description":"Konzertkleidung der Musiker und die Pauken waren im LKW verschlossen Ohne Konzertkleidung und ohne Pauken kamen die Jenaer Philharmoniker am Sonntag zur Matinee der Mozart Gesellschaft Dortmund mit zehn Minuten Versp\u00e4tung auf die B\u00fchne des Konzerthauses. Read more","og_url":"https:\/\/mozart-gesellschaft-dortmund.de\/en\/press\/ruhr-nachrichten-8\/","og_site_name":"Mozart Gesellschaft Dortmund e.V.","article_publisher":"https:\/\/www.facebook.com\/mozart.gesellschaft.dortmund","article_modified_time":"2023-04-16T12:59:01+00:00","og_image":[{"width":1200,"height":796,"url":"https:\/\/mozart-gesellschaft-dortmund.de\/wp-content\/uploads\/mozart_matinee_26-02-23_3.jpg","type":"image\/jpeg"}],"twitter_card":"summary_large_image","twitter_misc":{"Est. reading time":"1 minute"},"schema":{"@context":"https:\/\/schema.org","@graph":[{"@type":"WebPage","@id":"https:\/\/mozart-gesellschaft-dortmund.de\/en\/press\/ruhr-nachrichten-8\/","url":"https:\/\/mozart-gesellschaft-dortmund.de\/en\/press\/ruhr-nachrichten-8\/","name":"Ruhr Nachrichten - Mozart Gesellschaft Dortmund e.V.","isPartOf":{"@id":"https:\/\/mozart-gesellschaft-dortmund.de\/en\/#website"},"primaryImageOfPage":{"@id":"https:\/\/mozart-gesellschaft-dortmund.de\/en\/press\/ruhr-nachrichten-8\/#primaryimage"},"image":{"@id":"https:\/\/mozart-gesellschaft-dortmund.de\/en\/press\/ruhr-nachrichten-8\/#primaryimage"},"thumbnailUrl":"https:\/\/mozart-gesellschaft-dortmund.de\/wp-content\/uploads\/mozart_matinee_26-02-23_3.jpg","datePublished":"2023-02-27T09:48:00+00:00","dateModified":"2023-04-16T12:59:01+00:00","breadcrumb":{"@id":"https:\/\/mozart-gesellschaft-dortmund.de\/en\/press\/ruhr-nachrichten-8\/#breadcrumb"},"inLanguage":"en-US","potentialAction":[{"@type":"ReadAction","target":["https:\/\/mozart-gesellschaft-dortmund.de\/en\/press\/ruhr-nachrichten-8\/"]}]},{"@type":"ImageObject","inLanguage":"en-US","@id":"https:\/\/mozart-gesellschaft-dortmund.de\/en\/press\/ruhr-nachrichten-8\/#primaryimage","url":"https:\/\/mozart-gesellschaft-dortmund.de\/wp-content\/uploads\/mozart_matinee_26-02-23_3.jpg","contentUrl":"https:\/\/mozart-gesellschaft-dortmund.de\/wp-content\/uploads\/mozart_matinee_26-02-23_3.jpg","width":1200,"height":796},{"@type":"BreadcrumbList","@id":"https:\/\/mozart-gesellschaft-dortmund.de\/en\/press\/ruhr-nachrichten-8\/#breadcrumb","itemListElement":[{"@type":"ListItem","position":1,"name":"Startseite","item":"https:\/\/mozart-gesellschaft-dortmund.de\/en\/startseite\/"},{"@type":"ListItem","position":2,"name":"Presse","item":"https:\/\/mozart-gesellschaft-dortmund.de\/en\/press\/"},{"@type":"ListItem","position":3,"name":"Ruhr Nachrichten"}]},{"@type":"WebSite","@id":"https:\/\/mozart-gesellschaft-dortmund.de\/en\/#website","url":"https:\/\/mozart-gesellschaft-dortmund.de\/en\/","name":"Mozart Gesellschaft Dortmund e.V.","description":"","publisher":{"@id":"https:\/\/mozart-gesellschaft-dortmund.de\/en\/#organization"},"potentialAction":[{"@type":"SearchAction","target":{"@type":"EntryPoint","urlTemplate":"https:\/\/mozart-gesellschaft-dortmund.de\/en\/?s={search_term_string}"},"query-input":{"@type":"PropertyValueSpecification","valueRequired":true,"valueName":"search_term_string"}}],"inLanguage":"en-US"},{"@type":"Organization","@id":"https:\/\/mozart-gesellschaft-dortmund.de\/en\/#organization","name":"Mozart Gesellschaft Dortmund e.V.","url":"https:\/\/mozart-gesellschaft-dortmund.de\/en\/","logo":{"@type":"ImageObject","inLanguage":"en-US","@id":"https:\/\/mozart-gesellschaft-dortmund.de\/en\/#\/schema\/logo\/image\/","url":"https:\/\/mozart-gesellschaft-dortmund.de\/wp-content\/uploads\/MGD_Logo_70Jahre.svg","contentUrl":"https:\/\/mozart-gesellschaft-dortmund.de\/wp-content\/uploads\/MGD_Logo_70Jahre.svg","width":96,"height":44,"caption":"Mozart Gesellschaft Dortmund e.V."},"image":{"@id":"https:\/\/mozart-gesellschaft-dortmund.de\/en\/#\/schema\/logo\/image\/"},"sameAs":["https:\/\/www.facebook.com\/mozart.gesellschaft.dortmund","https:\/\/www.instagram.com\/mozartgesellschaft\/"]}]}},"_links":{"self":[{"href":"https:\/\/mozart-gesellschaft-dortmund.de\/en\/wp-json\/wp\/v2\/presse\/2447","targetHints":{"allow":["GET"]}}],"collection":[{"href":"https:\/\/mozart-gesellschaft-dortmund.de\/en\/wp-json\/wp\/v2\/presse"}],"about":[{"href":"https:\/\/mozart-gesellschaft-dortmund.de\/en\/wp-json\/wp\/v2\/types\/presse"}],"wp:featuredmedia":[{"embeddable":true,"href":"https:\/\/mozart-gesellschaft-dortmund.de\/en\/wp-json\/wp\/v2\/media\/2441"}],"wp:attachment":[{"href":"https:\/\/mozart-gesellschaft-dortmund.de\/en\/wp-json\/wp\/v2\/media?parent=2447"}],"curies":[{"name":"wp","href":"https:\/\/api.w.org\/{rel}","templated":true}]}}