{"id":3345,"date":"2024-11-12T17:34:10","date_gmt":"2024-11-12T16:34:10","guid":{"rendered":"https:\/\/mozart-gesellschaft-dortmund.de\/presse\/ruhr-nachrichten-13\/"},"modified":"2024-11-12T17:34:38","modified_gmt":"2024-11-12T16:34:38","slug":"ruhr-nachrichten-13","status":"publish","type":"presse","link":"https:\/\/mozart-gesellschaft-dortmund.de\/en\/press\/ruhr-nachrichten-13\/","title":{"rendered":"Ruhr Nachrichten"},"content":{"rendered":"<p style=\"font-weight: 400;\"><strong>Gitarre feierte in der Mozart Matinee Deb\u00fct als Stipendiaten-Instrument<\/strong><\/p>\n<p style=\"font-weight: 400;\">Mit einem Stipendiaten, der ein Instrument spielt, das es bislang noch nicht gab bei der Mozart Gesellschaft Dortmund, hat der Verein das Konzertjahr 2024 beendet.<\/p>\n<p style=\"font-weight: 400;\">Solist in der Mozart Matinee im Konzerthaus war der 22-j\u00e4hrige Gitarrist Daniel Daiu. Der Italiener spielte das ber\u00fchmteste Konzert f\u00fcr Orchester und Gitarre, das \u201eConcierto de Aranjuez\u201c von Rodrigo. Die leise Gitarre musste verst\u00e4rkt werden, dadurch kam der Klang auf dem Rang etwas gew\u00f6hnungsbed\u00fcrftig an.<\/p>\n<p style=\"font-weight: 400;\">Daiu pr\u00e4sentierte sich im ersten Satz als guter Techniker und zupfte den langsamen Mittelsatz (einen klassik-Top-10 Hit) gef\u00fchlvoll. Aber im Finale erlebte das Publikum das Orchester, die Heidelberger Sinfoniker, etwas morgenm\u00fcde und uninspiriert, und das hemmte offenbar auch den Solisten; dieser Satz kann viel feuriger und mitrei\u00dfender klingen. Mit dem \u201eCanci\u00f3n de Leonardo&#8221; von Gaspar Cassado dankte der junge Stipendiat als Zugabe.<\/p>\n<p style=\"font-weight: 400;\">Auch Haydns Sinfonie \u201eDie Henne&#8221; war kein Musterbeispiel f\u00fcr Pr\u00e4zision, obwohl die Heidelberger Sinfoniker mit ihrem Chefdirigenten Johannes Klumpp eine Haydn Gesamtaufnahme vorgelegt haben. Aber Wahnsinn, was es f\u00fcr ein Unterschied machte, ob das Orchester sa\u00df oder im Stehen musiziert \u2013 wie nach der Pause in Beethovens erster Sinfonie. Die dirigierte Klumpp mit viel K\u00f6rpereinsatz auch auswendig, und das Orchester klang wie ausgewechselt. Da h\u00f6rte man, dass die Sinfoniker mit ihrem Mix aus modernen und historischen Instrumenten einen tollen, kernigen, klaren, vom Barock inspirierten Klang haben. Die Pizzicato-Polka als Zugabe stimmte aufs Strau\u00df-Jahr 2025 ein.<br \/>\n*JG<\/p>\n","protected":false},"featured_media":3342,"template":"","class_list":["post-3345","presse","type-presse","status-publish","has-post-thumbnail","hentry"],"acf":[],"yoast_head":"<!-- This site is optimized with the Yoast SEO plugin v27.5 - https:\/\/yoast.com\/product\/yoast-seo-wordpress\/ -->\n<title>Ruhr Nachrichten - Mozart Gesellschaft Dortmund e.V.<\/title>\n<meta name=\"robots\" content=\"index, follow, max-snippet:-1, max-image-preview:large, max-video-preview:-1\" \/>\n<link rel=\"canonical\" href=\"https:\/\/mozart-gesellschaft-dortmund.de\/en\/press\/ruhr-nachrichten-13\/\" \/>\n<meta property=\"og:locale\" content=\"en_US\" \/>\n<meta property=\"og:type\" content=\"article\" \/>\n<meta property=\"og:title\" content=\"Ruhr Nachrichten - Mozart Gesellschaft Dortmund e.V.\" \/>\n<meta property=\"og:description\" content=\"Gitarre feierte in der Mozart Matinee Deb\u00fct als Stipendiaten-Instrument Mit einem Stipendiaten, der ein Instrument spielt, das es bislang noch nicht gab bei der Mozart Gesellschaft Dortmund, Read more\" \/>\n<meta property=\"og:url\" content=\"https:\/\/mozart-gesellschaft-dortmund.de\/en\/press\/ruhr-nachrichten-13\/\" \/>\n<meta property=\"og:site_name\" content=\"Mozart Gesellschaft Dortmund e.V.\" \/>\n<meta property=\"article:publisher\" content=\"https:\/\/www.facebook.com\/mozart.gesellschaft.dortmund\" \/>\n<meta property=\"article:modified_time\" content=\"2024-11-12T16:34:38+00:00\" \/>\n<meta property=\"og:image\" content=\"https:\/\/mozart-gesellschaft-dortmund.de\/wp-content\/uploads\/MoMa_10112024.jpg\" \/>\n\t<meta property=\"og:image:width\" content=\"1772\" \/>\n\t<meta property=\"og:image:height\" content=\"1175\" \/>\n\t<meta property=\"og:image:type\" content=\"image\/jpeg\" \/>\n<meta name=\"twitter:card\" content=\"summary_large_image\" \/>\n<meta name=\"twitter:label1\" content=\"Est. reading time\" \/>\n\t<meta name=\"twitter:data1\" content=\"2 minutes\" \/>\n<script type=\"application\/ld+json\" class=\"yoast-schema-graph\">{\"@context\":\"https:\\\/\\\/schema.org\",\"@graph\":[{\"@type\":\"WebPage\",\"@id\":\"https:\\\/\\\/mozart-gesellschaft-dortmund.de\\\/en\\\/press\\\/ruhr-nachrichten-13\\\/\",\"url\":\"https:\\\/\\\/mozart-gesellschaft-dortmund.de\\\/en\\\/press\\\/ruhr-nachrichten-13\\\/\",\"name\":\"Ruhr Nachrichten - Mozart Gesellschaft Dortmund e.V.\",\"isPartOf\":{\"@id\":\"https:\\\/\\\/mozart-gesellschaft-dortmund.de\\\/en\\\/#website\"},\"primaryImageOfPage\":{\"@id\":\"https:\\\/\\\/mozart-gesellschaft-dortmund.de\\\/en\\\/press\\\/ruhr-nachrichten-13\\\/#primaryimage\"},\"image\":{\"@id\":\"https:\\\/\\\/mozart-gesellschaft-dortmund.de\\\/en\\\/press\\\/ruhr-nachrichten-13\\\/#primaryimage\"},\"thumbnailUrl\":\"https:\\\/\\\/mozart-gesellschaft-dortmund.de\\\/wp-content\\\/uploads\\\/MoMa_10112024.jpg\",\"datePublished\":\"2024-11-12T16:34:10+00:00\",\"dateModified\":\"2024-11-12T16:34:38+00:00\",\"breadcrumb\":{\"@id\":\"https:\\\/\\\/mozart-gesellschaft-dortmund.de\\\/en\\\/press\\\/ruhr-nachrichten-13\\\/#breadcrumb\"},\"inLanguage\":\"en-US\",\"potentialAction\":[{\"@type\":\"ReadAction\",\"target\":[\"https:\\\/\\\/mozart-gesellschaft-dortmund.de\\\/en\\\/press\\\/ruhr-nachrichten-13\\\/\"]}]},{\"@type\":\"ImageObject\",\"inLanguage\":\"en-US\",\"@id\":\"https:\\\/\\\/mozart-gesellschaft-dortmund.de\\\/en\\\/press\\\/ruhr-nachrichten-13\\\/#primaryimage\",\"url\":\"https:\\\/\\\/mozart-gesellschaft-dortmund.de\\\/wp-content\\\/uploads\\\/MoMa_10112024.jpg\",\"contentUrl\":\"https:\\\/\\\/mozart-gesellschaft-dortmund.de\\\/wp-content\\\/uploads\\\/MoMa_10112024.jpg\",\"width\":1772,\"height\":1175,\"caption\":\"@ Melanie Graas\"},{\"@type\":\"BreadcrumbList\",\"@id\":\"https:\\\/\\\/mozart-gesellschaft-dortmund.de\\\/en\\\/press\\\/ruhr-nachrichten-13\\\/#breadcrumb\",\"itemListElement\":[{\"@type\":\"ListItem\",\"position\":1,\"name\":\"Startseite\",\"item\":\"https:\\\/\\\/mozart-gesellschaft-dortmund.de\\\/en\\\/startseite\\\/\"},{\"@type\":\"ListItem\",\"position\":2,\"name\":\"Presse\",\"item\":\"https:\\\/\\\/mozart-gesellschaft-dortmund.de\\\/en\\\/press\\\/\"},{\"@type\":\"ListItem\",\"position\":3,\"name\":\"Ruhr Nachrichten\"}]},{\"@type\":\"WebSite\",\"@id\":\"https:\\\/\\\/mozart-gesellschaft-dortmund.de\\\/en\\\/#website\",\"url\":\"https:\\\/\\\/mozart-gesellschaft-dortmund.de\\\/en\\\/\",\"name\":\"Mozart Gesellschaft Dortmund e.V.\",\"description\":\"\",\"publisher\":{\"@id\":\"https:\\\/\\\/mozart-gesellschaft-dortmund.de\\\/en\\\/#organization\"},\"potentialAction\":[{\"@type\":\"SearchAction\",\"target\":{\"@type\":\"EntryPoint\",\"urlTemplate\":\"https:\\\/\\\/mozart-gesellschaft-dortmund.de\\\/en\\\/?s={search_term_string}\"},\"query-input\":{\"@type\":\"PropertyValueSpecification\",\"valueRequired\":true,\"valueName\":\"search_term_string\"}}],\"inLanguage\":\"en-US\"},{\"@type\":\"Organization\",\"@id\":\"https:\\\/\\\/mozart-gesellschaft-dortmund.de\\\/en\\\/#organization\",\"name\":\"Mozart Gesellschaft Dortmund e.V.\",\"url\":\"https:\\\/\\\/mozart-gesellschaft-dortmund.de\\\/en\\\/\",\"logo\":{\"@type\":\"ImageObject\",\"inLanguage\":\"en-US\",\"@id\":\"https:\\\/\\\/mozart-gesellschaft-dortmund.de\\\/en\\\/#\\\/schema\\\/logo\\\/image\\\/\",\"url\":\"https:\\\/\\\/mozart-gesellschaft-dortmund.de\\\/wp-content\\\/uploads\\\/MGD_Logo_70Jahre.svg\",\"contentUrl\":\"https:\\\/\\\/mozart-gesellschaft-dortmund.de\\\/wp-content\\\/uploads\\\/MGD_Logo_70Jahre.svg\",\"width\":96,\"height\":44,\"caption\":\"Mozart Gesellschaft Dortmund e.V.\"},\"image\":{\"@id\":\"https:\\\/\\\/mozart-gesellschaft-dortmund.de\\\/en\\\/#\\\/schema\\\/logo\\\/image\\\/\"},\"sameAs\":[\"https:\\\/\\\/www.facebook.com\\\/mozart.gesellschaft.dortmund\",\"https:\\\/\\\/www.instagram.com\\\/mozartgesellschaft\\\/\"]}]}<\/script>\n<!-- \/ Yoast SEO plugin. -->","yoast_head_json":{"title":"Ruhr Nachrichten - Mozart Gesellschaft Dortmund e.V.","robots":{"index":"index","follow":"follow","max-snippet":"max-snippet:-1","max-image-preview":"max-image-preview:large","max-video-preview":"max-video-preview:-1"},"canonical":"https:\/\/mozart-gesellschaft-dortmund.de\/en\/press\/ruhr-nachrichten-13\/","og_locale":"en_US","og_type":"article","og_title":"Ruhr Nachrichten - Mozart Gesellschaft Dortmund e.V.","og_description":"Gitarre feierte in der Mozart Matinee Deb\u00fct als Stipendiaten-Instrument Mit einem Stipendiaten, der ein Instrument spielt, das es bislang noch nicht gab bei der Mozart Gesellschaft Dortmund, Read more","og_url":"https:\/\/mozart-gesellschaft-dortmund.de\/en\/press\/ruhr-nachrichten-13\/","og_site_name":"Mozart Gesellschaft Dortmund e.V.","article_publisher":"https:\/\/www.facebook.com\/mozart.gesellschaft.dortmund","article_modified_time":"2024-11-12T16:34:38+00:00","og_image":[{"width":1772,"height":1175,"url":"https:\/\/mozart-gesellschaft-dortmund.de\/wp-content\/uploads\/MoMa_10112024.jpg","type":"image\/jpeg"}],"twitter_card":"summary_large_image","twitter_misc":{"Est. reading time":"2 minutes"},"schema":{"@context":"https:\/\/schema.org","@graph":[{"@type":"WebPage","@id":"https:\/\/mozart-gesellschaft-dortmund.de\/en\/press\/ruhr-nachrichten-13\/","url":"https:\/\/mozart-gesellschaft-dortmund.de\/en\/press\/ruhr-nachrichten-13\/","name":"Ruhr Nachrichten - Mozart Gesellschaft Dortmund e.V.","isPartOf":{"@id":"https:\/\/mozart-gesellschaft-dortmund.de\/en\/#website"},"primaryImageOfPage":{"@id":"https:\/\/mozart-gesellschaft-dortmund.de\/en\/press\/ruhr-nachrichten-13\/#primaryimage"},"image":{"@id":"https:\/\/mozart-gesellschaft-dortmund.de\/en\/press\/ruhr-nachrichten-13\/#primaryimage"},"thumbnailUrl":"https:\/\/mozart-gesellschaft-dortmund.de\/wp-content\/uploads\/MoMa_10112024.jpg","datePublished":"2024-11-12T16:34:10+00:00","dateModified":"2024-11-12T16:34:38+00:00","breadcrumb":{"@id":"https:\/\/mozart-gesellschaft-dortmund.de\/en\/press\/ruhr-nachrichten-13\/#breadcrumb"},"inLanguage":"en-US","potentialAction":[{"@type":"ReadAction","target":["https:\/\/mozart-gesellschaft-dortmund.de\/en\/press\/ruhr-nachrichten-13\/"]}]},{"@type":"ImageObject","inLanguage":"en-US","@id":"https:\/\/mozart-gesellschaft-dortmund.de\/en\/press\/ruhr-nachrichten-13\/#primaryimage","url":"https:\/\/mozart-gesellschaft-dortmund.de\/wp-content\/uploads\/MoMa_10112024.jpg","contentUrl":"https:\/\/mozart-gesellschaft-dortmund.de\/wp-content\/uploads\/MoMa_10112024.jpg","width":1772,"height":1175,"caption":"@ Melanie Graas"},{"@type":"BreadcrumbList","@id":"https:\/\/mozart-gesellschaft-dortmund.de\/en\/press\/ruhr-nachrichten-13\/#breadcrumb","itemListElement":[{"@type":"ListItem","position":1,"name":"Startseite","item":"https:\/\/mozart-gesellschaft-dortmund.de\/en\/startseite\/"},{"@type":"ListItem","position":2,"name":"Presse","item":"https:\/\/mozart-gesellschaft-dortmund.de\/en\/press\/"},{"@type":"ListItem","position":3,"name":"Ruhr Nachrichten"}]},{"@type":"WebSite","@id":"https:\/\/mozart-gesellschaft-dortmund.de\/en\/#website","url":"https:\/\/mozart-gesellschaft-dortmund.de\/en\/","name":"Mozart Gesellschaft Dortmund e.V.","description":"","publisher":{"@id":"https:\/\/mozart-gesellschaft-dortmund.de\/en\/#organization"},"potentialAction":[{"@type":"SearchAction","target":{"@type":"EntryPoint","urlTemplate":"https:\/\/mozart-gesellschaft-dortmund.de\/en\/?s={search_term_string}"},"query-input":{"@type":"PropertyValueSpecification","valueRequired":true,"valueName":"search_term_string"}}],"inLanguage":"en-US"},{"@type":"Organization","@id":"https:\/\/mozart-gesellschaft-dortmund.de\/en\/#organization","name":"Mozart Gesellschaft Dortmund e.V.","url":"https:\/\/mozart-gesellschaft-dortmund.de\/en\/","logo":{"@type":"ImageObject","inLanguage":"en-US","@id":"https:\/\/mozart-gesellschaft-dortmund.de\/en\/#\/schema\/logo\/image\/","url":"https:\/\/mozart-gesellschaft-dortmund.de\/wp-content\/uploads\/MGD_Logo_70Jahre.svg","contentUrl":"https:\/\/mozart-gesellschaft-dortmund.de\/wp-content\/uploads\/MGD_Logo_70Jahre.svg","width":96,"height":44,"caption":"Mozart Gesellschaft Dortmund e.V."},"image":{"@id":"https:\/\/mozart-gesellschaft-dortmund.de\/en\/#\/schema\/logo\/image\/"},"sameAs":["https:\/\/www.facebook.com\/mozart.gesellschaft.dortmund","https:\/\/www.instagram.com\/mozartgesellschaft\/"]}]}},"_links":{"self":[{"href":"https:\/\/mozart-gesellschaft-dortmund.de\/en\/wp-json\/wp\/v2\/presse\/3345","targetHints":{"allow":["GET"]}}],"collection":[{"href":"https:\/\/mozart-gesellschaft-dortmund.de\/en\/wp-json\/wp\/v2\/presse"}],"about":[{"href":"https:\/\/mozart-gesellschaft-dortmund.de\/en\/wp-json\/wp\/v2\/types\/presse"}],"wp:featuredmedia":[{"embeddable":true,"href":"https:\/\/mozart-gesellschaft-dortmund.de\/en\/wp-json\/wp\/v2\/media\/3342"}],"wp:attachment":[{"href":"https:\/\/mozart-gesellschaft-dortmund.de\/en\/wp-json\/wp\/v2\/media?parent=3345"}],"curies":[{"name":"wp","href":"https:\/\/api.w.org\/{rel}","templated":true}]}}