{"id":3400,"date":"2025-01-13T15:25:27","date_gmt":"2025-01-13T14:25:27","guid":{"rendered":"https:\/\/mozart-gesellschaft-dortmund.de\/presse\/ruhr-nachrichten-14\/"},"modified":"2025-01-13T16:23:46","modified_gmt":"2025-01-13T15:23:46","slug":"ruhr-nachrichten-14","status":"publish","type":"presse","link":"https:\/\/mozart-gesellschaft-dortmund.de\/en\/press\/ruhr-nachrichten-14\/","title":{"rendered":"RUHR NACHRICHTEN"},"content":{"rendered":"<p style=\"font-weight: 400;\"><span style=\"color: #000000;\"><strong>Wie aus einer Stipendiatin ein Star geworden ist<\/strong><\/span><\/p>\n<p style=\"font-weight: 400;\"><strong><span style=\"color: #000000;\">Lise de la Salle hat das Konzertjahr der Dortmunder Mozart Gesellschaft er\u00f6ffnet.<\/span><\/strong><\/p>\n<p style=\"font-weight: 400;\"><span style=\"color: #000000;\">F\u00fcr das Publikum ist ein Wiederh\u00f6ren mit ehemaligen Stipendiaten immer wieder sch\u00f6n. In der Jahresauftakt-Matinee der Dortmunder Mozart Gesellschaft im Konzerthaus Dortmund war am Sonntagvormittag Pianistin Lise de la Salle zu Gast. Die nun 36-J\u00e4hrige war 2008 Stipendiatin der Mozart Gesellschaft, und ein Jahr sp\u00e4ter wurde sie f\u00fcr drei Jahre \u201eJunge Wilde\u201c des Konzerthauses. Als Solistin in Griegs Klavierkonzert stellte sich die Franz\u00f6sin nun als ausgereifte Interpretin vor.<\/span><\/p>\n<p style=\"font-weight: 400;\"><span style=\"color: #000000;\">Mit Z\u00e4suren zwischen den kraftvoll herausgespielten Akkorden des Beginns und einem sehr markanten Spiel f\u00fchrte Lise de la Salle in nordische Klangwelten.<\/span><\/p>\n<p style=\"font-weight: 400;\"><strong><span style=\"color: #000000;\">Pr\u00e4zision mit links<\/span><\/strong><\/p>\n<p style=\"font-weight: 400;\"><span style=\"color: #000000;\">Viel Kraft hat das Spiel der jungen Pianistin, aber auch eine gro\u00dfe \u00c4sthetik im Anschlag. Da klang das ungemein zierlich herausgespielte Adagio \u00fcberaus z\u00e4rtlich \u2013 und die Begleitung der Jenaer Philharmonie war in diesem Satz ein Traum. Mit Schuberts \u201eAn die Musik\u201c dankte Lise de la Salle als Zugabe. Diese Pianistin ist ein Beispiel daf\u00fcr, wie gut die Mozart Gesellschaft junge Talente, die sie seit inzwischen 69 Jahren f\u00f6rdert, ausw\u00e4hlt.<\/span><\/p>\n<p style=\"font-weight: 400;\"><span style=\"color: #000000;\">Mit Ravels \u201eTombeau de Couperin\u201c hatten die Th\u00fcringer den Vormittag feingliedrig und mit vielen franz\u00f6sischen Farben er\u00f6ffnet. Der Jenaer Generalmusikdirektor Simon Gaudenz f\u00fchrte den Taktstock mit der linken Hand \u2013 was man selten sieht. Vielleicht ist das sogar vorteilhafter, weil er mit der rechten Hand die Partiturseiten besser umbl\u00e4ttern konnte und die ersten Geigen n\u00e4her am Taktstock sa\u00dfen und vielleicht noch pr\u00e4ziser spielten.<\/span><\/p>\n<p style=\"font-weight: 400;\"><span style=\"color: #000000;\">Schumanns \u201eFr\u00fchlingssinfonie\u201c lie\u00df bei den Temperaturen drau\u00dfen von mehr Sonne tr\u00e4umen. Aber die Jenaer lie\u00dfen durch die Musik kein laues L\u00fcftchen wehen, sondern luden mit einem kraftvollen Spiel zum wilden Tanz ein. Dazu passt der sechste Ungarische Tanz von Brahms als Zugabe.\u00a0 \u2013 Ein schwungvoller Jahresstart der Mozart Gesellschaft, auch, wenn diesmal kein Werk des Namensgebers auf dem Programm stand.<br \/>\n<\/span>*J. Ga\u00df<\/p>\n","protected":false},"featured_media":3390,"template":"","class_list":["post-3400","presse","type-presse","status-publish","has-post-thumbnail","hentry"],"acf":[],"yoast_head":"<!-- This site is optimized with the Yoast SEO plugin v27.5 - https:\/\/yoast.com\/product\/yoast-seo-wordpress\/ -->\n<title>RUHR NACHRICHTEN - Mozart Gesellschaft Dortmund e.V.<\/title>\n<meta name=\"robots\" content=\"index, follow, max-snippet:-1, max-image-preview:large, max-video-preview:-1\" \/>\n<link rel=\"canonical\" href=\"https:\/\/mozart-gesellschaft-dortmund.de\/en\/press\/ruhr-nachrichten-14\/\" \/>\n<meta property=\"og:locale\" content=\"en_US\" \/>\n<meta property=\"og:type\" content=\"article\" \/>\n<meta property=\"og:title\" content=\"RUHR NACHRICHTEN - Mozart Gesellschaft Dortmund e.V.\" \/>\n<meta property=\"og:description\" content=\"Wie aus einer Stipendiatin ein Star geworden ist Lise de la Salle hat das Konzertjahr der Dortmunder Mozart Gesellschaft er\u00f6ffnet. F\u00fcr das Publikum ist ein Wiederh\u00f6ren mit ehemaligen Stipendiaten immer wieder sch\u00f6n. Read more\" \/>\n<meta property=\"og:url\" content=\"https:\/\/mozart-gesellschaft-dortmund.de\/en\/press\/ruhr-nachrichten-14\/\" \/>\n<meta property=\"og:site_name\" content=\"Mozart Gesellschaft Dortmund e.V.\" \/>\n<meta property=\"article:publisher\" content=\"https:\/\/www.facebook.com\/mozart.gesellschaft.dortmund\" \/>\n<meta property=\"article:modified_time\" content=\"2025-01-13T15:23:46+00:00\" \/>\n<meta property=\"og:image\" content=\"https:\/\/mozart-gesellschaft-dortmund.de\/wp-content\/uploads\/presse12012025-scaled.jpg\" \/>\n\t<meta property=\"og:image:width\" content=\"2560\" \/>\n\t<meta property=\"og:image:height\" content=\"1697\" \/>\n\t<meta property=\"og:image:type\" content=\"image\/jpeg\" \/>\n<meta name=\"twitter:card\" content=\"summary_large_image\" \/>\n<meta name=\"twitter:label1\" content=\"Est. reading time\" \/>\n\t<meta name=\"twitter:data1\" content=\"2 minutes\" \/>\n<script type=\"application\/ld+json\" class=\"yoast-schema-graph\">{\"@context\":\"https:\\\/\\\/schema.org\",\"@graph\":[{\"@type\":\"WebPage\",\"@id\":\"https:\\\/\\\/mozart-gesellschaft-dortmund.de\\\/en\\\/press\\\/ruhr-nachrichten-14\\\/\",\"url\":\"https:\\\/\\\/mozart-gesellschaft-dortmund.de\\\/en\\\/press\\\/ruhr-nachrichten-14\\\/\",\"name\":\"RUHR NACHRICHTEN - Mozart Gesellschaft Dortmund e.V.\",\"isPartOf\":{\"@id\":\"https:\\\/\\\/mozart-gesellschaft-dortmund.de\\\/en\\\/#website\"},\"primaryImageOfPage\":{\"@id\":\"https:\\\/\\\/mozart-gesellschaft-dortmund.de\\\/en\\\/press\\\/ruhr-nachrichten-14\\\/#primaryimage\"},\"image\":{\"@id\":\"https:\\\/\\\/mozart-gesellschaft-dortmund.de\\\/en\\\/press\\\/ruhr-nachrichten-14\\\/#primaryimage\"},\"thumbnailUrl\":\"https:\\\/\\\/mozart-gesellschaft-dortmund.de\\\/wp-content\\\/uploads\\\/presse12012025-scaled.jpg\",\"datePublished\":\"2025-01-13T14:25:27+00:00\",\"dateModified\":\"2025-01-13T15:23:46+00:00\",\"breadcrumb\":{\"@id\":\"https:\\\/\\\/mozart-gesellschaft-dortmund.de\\\/en\\\/press\\\/ruhr-nachrichten-14\\\/#breadcrumb\"},\"inLanguage\":\"en-US\",\"potentialAction\":[{\"@type\":\"ReadAction\",\"target\":[\"https:\\\/\\\/mozart-gesellschaft-dortmund.de\\\/en\\\/press\\\/ruhr-nachrichten-14\\\/\"]}]},{\"@type\":\"ImageObject\",\"inLanguage\":\"en-US\",\"@id\":\"https:\\\/\\\/mozart-gesellschaft-dortmund.de\\\/en\\\/press\\\/ruhr-nachrichten-14\\\/#primaryimage\",\"url\":\"https:\\\/\\\/mozart-gesellschaft-dortmund.de\\\/wp-content\\\/uploads\\\/presse12012025-scaled.jpg\",\"contentUrl\":\"https:\\\/\\\/mozart-gesellschaft-dortmund.de\\\/wp-content\\\/uploads\\\/presse12012025-scaled.jpg\",\"width\":2560,\"height\":1697,\"caption\":\"\u00a9 Christoph Staemmler\"},{\"@type\":\"BreadcrumbList\",\"@id\":\"https:\\\/\\\/mozart-gesellschaft-dortmund.de\\\/en\\\/press\\\/ruhr-nachrichten-14\\\/#breadcrumb\",\"itemListElement\":[{\"@type\":\"ListItem\",\"position\":1,\"name\":\"Startseite\",\"item\":\"https:\\\/\\\/mozart-gesellschaft-dortmund.de\\\/en\\\/startseite\\\/\"},{\"@type\":\"ListItem\",\"position\":2,\"name\":\"Presse\",\"item\":\"https:\\\/\\\/mozart-gesellschaft-dortmund.de\\\/en\\\/press\\\/\"},{\"@type\":\"ListItem\",\"position\":3,\"name\":\"RUHR NACHRICHTEN\"}]},{\"@type\":\"WebSite\",\"@id\":\"https:\\\/\\\/mozart-gesellschaft-dortmund.de\\\/en\\\/#website\",\"url\":\"https:\\\/\\\/mozart-gesellschaft-dortmund.de\\\/en\\\/\",\"name\":\"Mozart Gesellschaft Dortmund e.V.\",\"description\":\"\",\"publisher\":{\"@id\":\"https:\\\/\\\/mozart-gesellschaft-dortmund.de\\\/en\\\/#organization\"},\"potentialAction\":[{\"@type\":\"SearchAction\",\"target\":{\"@type\":\"EntryPoint\",\"urlTemplate\":\"https:\\\/\\\/mozart-gesellschaft-dortmund.de\\\/en\\\/?s={search_term_string}\"},\"query-input\":{\"@type\":\"PropertyValueSpecification\",\"valueRequired\":true,\"valueName\":\"search_term_string\"}}],\"inLanguage\":\"en-US\"},{\"@type\":\"Organization\",\"@id\":\"https:\\\/\\\/mozart-gesellschaft-dortmund.de\\\/en\\\/#organization\",\"name\":\"Mozart Gesellschaft Dortmund e.V.\",\"url\":\"https:\\\/\\\/mozart-gesellschaft-dortmund.de\\\/en\\\/\",\"logo\":{\"@type\":\"ImageObject\",\"inLanguage\":\"en-US\",\"@id\":\"https:\\\/\\\/mozart-gesellschaft-dortmund.de\\\/en\\\/#\\\/schema\\\/logo\\\/image\\\/\",\"url\":\"https:\\\/\\\/mozart-gesellschaft-dortmund.de\\\/wp-content\\\/uploads\\\/MGD_Logo_70Jahre.svg\",\"contentUrl\":\"https:\\\/\\\/mozart-gesellschaft-dortmund.de\\\/wp-content\\\/uploads\\\/MGD_Logo_70Jahre.svg\",\"width\":96,\"height\":44,\"caption\":\"Mozart Gesellschaft Dortmund e.V.\"},\"image\":{\"@id\":\"https:\\\/\\\/mozart-gesellschaft-dortmund.de\\\/en\\\/#\\\/schema\\\/logo\\\/image\\\/\"},\"sameAs\":[\"https:\\\/\\\/www.facebook.com\\\/mozart.gesellschaft.dortmund\",\"https:\\\/\\\/www.instagram.com\\\/mozartgesellschaft\\\/\"]}]}<\/script>\n<!-- \/ Yoast SEO plugin. -->","yoast_head_json":{"title":"RUHR NACHRICHTEN - Mozart Gesellschaft Dortmund e.V.","robots":{"index":"index","follow":"follow","max-snippet":"max-snippet:-1","max-image-preview":"max-image-preview:large","max-video-preview":"max-video-preview:-1"},"canonical":"https:\/\/mozart-gesellschaft-dortmund.de\/en\/press\/ruhr-nachrichten-14\/","og_locale":"en_US","og_type":"article","og_title":"RUHR NACHRICHTEN - Mozart Gesellschaft Dortmund e.V.","og_description":"Wie aus einer Stipendiatin ein Star geworden ist Lise de la Salle hat das Konzertjahr der Dortmunder Mozart Gesellschaft er\u00f6ffnet. F\u00fcr das Publikum ist ein Wiederh\u00f6ren mit ehemaligen Stipendiaten immer wieder sch\u00f6n. Read more","og_url":"https:\/\/mozart-gesellschaft-dortmund.de\/en\/press\/ruhr-nachrichten-14\/","og_site_name":"Mozart Gesellschaft Dortmund e.V.","article_publisher":"https:\/\/www.facebook.com\/mozart.gesellschaft.dortmund","article_modified_time":"2025-01-13T15:23:46+00:00","og_image":[{"width":2560,"height":1697,"url":"https:\/\/mozart-gesellschaft-dortmund.de\/wp-content\/uploads\/presse12012025-scaled.jpg","type":"image\/jpeg"}],"twitter_card":"summary_large_image","twitter_misc":{"Est. reading time":"2 minutes"},"schema":{"@context":"https:\/\/schema.org","@graph":[{"@type":"WebPage","@id":"https:\/\/mozart-gesellschaft-dortmund.de\/en\/press\/ruhr-nachrichten-14\/","url":"https:\/\/mozart-gesellschaft-dortmund.de\/en\/press\/ruhr-nachrichten-14\/","name":"RUHR NACHRICHTEN - Mozart Gesellschaft Dortmund e.V.","isPartOf":{"@id":"https:\/\/mozart-gesellschaft-dortmund.de\/en\/#website"},"primaryImageOfPage":{"@id":"https:\/\/mozart-gesellschaft-dortmund.de\/en\/press\/ruhr-nachrichten-14\/#primaryimage"},"image":{"@id":"https:\/\/mozart-gesellschaft-dortmund.de\/en\/press\/ruhr-nachrichten-14\/#primaryimage"},"thumbnailUrl":"https:\/\/mozart-gesellschaft-dortmund.de\/wp-content\/uploads\/presse12012025-scaled.jpg","datePublished":"2025-01-13T14:25:27+00:00","dateModified":"2025-01-13T15:23:46+00:00","breadcrumb":{"@id":"https:\/\/mozart-gesellschaft-dortmund.de\/en\/press\/ruhr-nachrichten-14\/#breadcrumb"},"inLanguage":"en-US","potentialAction":[{"@type":"ReadAction","target":["https:\/\/mozart-gesellschaft-dortmund.de\/en\/press\/ruhr-nachrichten-14\/"]}]},{"@type":"ImageObject","inLanguage":"en-US","@id":"https:\/\/mozart-gesellschaft-dortmund.de\/en\/press\/ruhr-nachrichten-14\/#primaryimage","url":"https:\/\/mozart-gesellschaft-dortmund.de\/wp-content\/uploads\/presse12012025-scaled.jpg","contentUrl":"https:\/\/mozart-gesellschaft-dortmund.de\/wp-content\/uploads\/presse12012025-scaled.jpg","width":2560,"height":1697,"caption":"\u00a9 Christoph Staemmler"},{"@type":"BreadcrumbList","@id":"https:\/\/mozart-gesellschaft-dortmund.de\/en\/press\/ruhr-nachrichten-14\/#breadcrumb","itemListElement":[{"@type":"ListItem","position":1,"name":"Startseite","item":"https:\/\/mozart-gesellschaft-dortmund.de\/en\/startseite\/"},{"@type":"ListItem","position":2,"name":"Presse","item":"https:\/\/mozart-gesellschaft-dortmund.de\/en\/press\/"},{"@type":"ListItem","position":3,"name":"RUHR NACHRICHTEN"}]},{"@type":"WebSite","@id":"https:\/\/mozart-gesellschaft-dortmund.de\/en\/#website","url":"https:\/\/mozart-gesellschaft-dortmund.de\/en\/","name":"Mozart Gesellschaft Dortmund e.V.","description":"","publisher":{"@id":"https:\/\/mozart-gesellschaft-dortmund.de\/en\/#organization"},"potentialAction":[{"@type":"SearchAction","target":{"@type":"EntryPoint","urlTemplate":"https:\/\/mozart-gesellschaft-dortmund.de\/en\/?s={search_term_string}"},"query-input":{"@type":"PropertyValueSpecification","valueRequired":true,"valueName":"search_term_string"}}],"inLanguage":"en-US"},{"@type":"Organization","@id":"https:\/\/mozart-gesellschaft-dortmund.de\/en\/#organization","name":"Mozart Gesellschaft Dortmund e.V.","url":"https:\/\/mozart-gesellschaft-dortmund.de\/en\/","logo":{"@type":"ImageObject","inLanguage":"en-US","@id":"https:\/\/mozart-gesellschaft-dortmund.de\/en\/#\/schema\/logo\/image\/","url":"https:\/\/mozart-gesellschaft-dortmund.de\/wp-content\/uploads\/MGD_Logo_70Jahre.svg","contentUrl":"https:\/\/mozart-gesellschaft-dortmund.de\/wp-content\/uploads\/MGD_Logo_70Jahre.svg","width":96,"height":44,"caption":"Mozart Gesellschaft Dortmund e.V."},"image":{"@id":"https:\/\/mozart-gesellschaft-dortmund.de\/en\/#\/schema\/logo\/image\/"},"sameAs":["https:\/\/www.facebook.com\/mozart.gesellschaft.dortmund","https:\/\/www.instagram.com\/mozartgesellschaft\/"]}]}},"_links":{"self":[{"href":"https:\/\/mozart-gesellschaft-dortmund.de\/en\/wp-json\/wp\/v2\/presse\/3400","targetHints":{"allow":["GET"]}}],"collection":[{"href":"https:\/\/mozart-gesellschaft-dortmund.de\/en\/wp-json\/wp\/v2\/presse"}],"about":[{"href":"https:\/\/mozart-gesellschaft-dortmund.de\/en\/wp-json\/wp\/v2\/types\/presse"}],"wp:featuredmedia":[{"embeddable":true,"href":"https:\/\/mozart-gesellschaft-dortmund.de\/en\/wp-json\/wp\/v2\/media\/3390"}],"wp:attachment":[{"href":"https:\/\/mozart-gesellschaft-dortmund.de\/en\/wp-json\/wp\/v2\/media?parent=3400"}],"curies":[{"name":"wp","href":"https:\/\/api.w.org\/{rel}","templated":true}]}}