{"id":3795,"date":"2025-05-20T10:56:35","date_gmt":"2025-05-20T08:56:35","guid":{"rendered":"https:\/\/mozart-gesellschaft-dortmund.de\/?post_type=presse&#038;p=3795"},"modified":"2025-05-20T10:56:35","modified_gmt":"2025-05-20T08:56:35","slug":"ruhr-nachrichten-10","status":"publish","type":"presse","link":"https:\/\/mozart-gesellschaft-dortmund.de\/en\/press\/ruhr-nachrichten-10\/","title":{"rendered":"RUHR NACHRICHTEN"},"content":{"rendered":"<p style=\"font-weight: 400;\"><span style=\"color: #000000;\"><strong>Mozart Gesellschaft beendet die Saison mit Teenager-Talenten<\/strong><\/span><\/p>\n<p style=\"font-weight: 400;\"><span style=\"color: #000000;\">Mit Musik von Mozart ist die 69. Saison der Mozart Gesellschaft Dortmund am Sonntagvormittag im Konzerthaus Dortmund ausgeklungen. Es war der Vormittag der 17 bis 20-J\u00e4hrigen.<\/span><\/p>\n<p style=\"font-weight: 400;\"><span style=\"color: #000000;\">Richard Strauss und Mozart haben ihre Werke dieses Programms als 18-J\u00e4hrige komponiert; Mendelssohn war noch ein Jahr j\u00fcnger, als er den \u201eSommernachtstraum\u201c schrieb. Und der Solist ist mit erst 20 Jahren ein sehr vielversprechendes Talent.<\/span><\/p>\n<p style=\"font-weight: 400;\"><span style=\"color: #000000;\">Der M\u00fcnchner Bastian Spier blies das erste Hornkonzert von Strauss mit langem Atem und sehr sch\u00f6nem, butterweichem Legatoton. Mit Virtuosit\u00e4t trumpft das Konzert, das Strauss f\u00fcr seinen Vater komponiert hat, erst im Finalsatz auf. Da pr\u00e4stierte sich der 20-j\u00e4hrige Stipendiat technisch sicher.<\/span><\/p>\n<p style=\"font-weight: 400;\"><span style=\"font-weight: 400; color: #000000;\">Am Pult der Bremer Philharmoniker stand eine Musikerin aus Bastian Spiers alter Heimat: Anna Handler, designierte Kapellmeisterin der Deutschen Oper Berlin, hat dasselbe Musikgymnasium in M\u00fcnchen besucht wie der Hornist. Sie lie\u00df das Orchester in der Ouvert\u00fcre aus Mendelssohns Sommernachtstraum nicht nur elfenzart klingen, sondern stellte auch wuchtige Akkorde in den Saal. Das Notturno aus dem Sommernachtstraum war mit den Hornsoli im Orchester eine sch\u00f6ne Einstimmung auf das Hornkonzert.<br \/>\nMozarts Sinfonie KV 201 war von den nur 33 Musikern luftig und beweglich im Ton musiziert. \u2013 Ein fein ausgearbeiteter, spritziger Rausschmei\u00dfer aus der Saison. Schade, dass Orchester und Solist keine neuen Zugaben einstudiert hatten, sondern nur Ausz\u00fcge aus Werken des Programms spielten.<\/span><\/p>\n<p style=\"font-weight: 400;\"><span style=\"color: #000000;\"><em>*J. Ga\u00df<\/em><\/span><\/p>\n","protected":false},"featured_media":3793,"template":"","class_list":["post-3795","presse","type-presse","status-publish","has-post-thumbnail","hentry"],"acf":[],"yoast_head":"<!-- This site is optimized with the Yoast SEO plugin v27.5 - https:\/\/yoast.com\/product\/yoast-seo-wordpress\/ -->\n<title>RUHR NACHRICHTEN - Mozart Gesellschaft Dortmund e.V.<\/title>\n<meta name=\"robots\" content=\"index, follow, max-snippet:-1, max-image-preview:large, max-video-preview:-1\" \/>\n<link rel=\"canonical\" href=\"https:\/\/mozart-gesellschaft-dortmund.de\/en\/press\/ruhr-nachrichten-10\/\" \/>\n<meta property=\"og:locale\" content=\"en_US\" \/>\n<meta property=\"og:type\" content=\"article\" \/>\n<meta property=\"og:title\" content=\"RUHR NACHRICHTEN - Mozart Gesellschaft Dortmund e.V.\" \/>\n<meta property=\"og:description\" content=\"Mozart Gesellschaft beendet die Saison mit Teenager-Talenten Mit Musik von Mozart ist die 69. Saison der Mozart Gesellschaft Dortmund am Sonntagvormittag im Konzerthaus Dortmund ausgeklungen. Es war der Vormittag der 17 bis 20-J\u00e4hrigen. Read more\" \/>\n<meta property=\"og:url\" content=\"https:\/\/mozart-gesellschaft-dortmund.de\/en\/press\/ruhr-nachrichten-10\/\" \/>\n<meta property=\"og:site_name\" content=\"Mozart Gesellschaft Dortmund e.V.\" \/>\n<meta property=\"article:publisher\" content=\"https:\/\/www.facebook.com\/mozart.gesellschaft.dortmund\" \/>\n<meta property=\"og:image\" content=\"https:\/\/mozart-gesellschaft-dortmund.de\/wp-content\/uploads\/news20052025-scaled.jpg\" \/>\n\t<meta property=\"og:image:width\" content=\"2560\" \/>\n\t<meta property=\"og:image:height\" content=\"1698\" \/>\n\t<meta property=\"og:image:type\" content=\"image\/jpeg\" \/>\n<meta name=\"twitter:card\" content=\"summary_large_image\" \/>\n<meta name=\"twitter:label1\" content=\"Est. reading time\" \/>\n\t<meta name=\"twitter:data1\" content=\"2 minutes\" \/>\n<script type=\"application\/ld+json\" class=\"yoast-schema-graph\">{\"@context\":\"https:\\\/\\\/schema.org\",\"@graph\":[{\"@type\":\"WebPage\",\"@id\":\"https:\\\/\\\/mozart-gesellschaft-dortmund.de\\\/en\\\/press\\\/ruhr-nachrichten-10\\\/\",\"url\":\"https:\\\/\\\/mozart-gesellschaft-dortmund.de\\\/en\\\/press\\\/ruhr-nachrichten-10\\\/\",\"name\":\"RUHR NACHRICHTEN - Mozart Gesellschaft Dortmund e.V.\",\"isPartOf\":{\"@id\":\"https:\\\/\\\/mozart-gesellschaft-dortmund.de\\\/en\\\/#website\"},\"primaryImageOfPage\":{\"@id\":\"https:\\\/\\\/mozart-gesellschaft-dortmund.de\\\/en\\\/press\\\/ruhr-nachrichten-10\\\/#primaryimage\"},\"image\":{\"@id\":\"https:\\\/\\\/mozart-gesellschaft-dortmund.de\\\/en\\\/press\\\/ruhr-nachrichten-10\\\/#primaryimage\"},\"thumbnailUrl\":\"https:\\\/\\\/mozart-gesellschaft-dortmund.de\\\/wp-content\\\/uploads\\\/news20052025-scaled.jpg\",\"datePublished\":\"2025-05-20T08:56:35+00:00\",\"breadcrumb\":{\"@id\":\"https:\\\/\\\/mozart-gesellschaft-dortmund.de\\\/en\\\/press\\\/ruhr-nachrichten-10\\\/#breadcrumb\"},\"inLanguage\":\"en-US\",\"potentialAction\":[{\"@type\":\"ReadAction\",\"target\":[\"https:\\\/\\\/mozart-gesellschaft-dortmund.de\\\/en\\\/press\\\/ruhr-nachrichten-10\\\/\"]}]},{\"@type\":\"ImageObject\",\"inLanguage\":\"en-US\",\"@id\":\"https:\\\/\\\/mozart-gesellschaft-dortmund.de\\\/en\\\/press\\\/ruhr-nachrichten-10\\\/#primaryimage\",\"url\":\"https:\\\/\\\/mozart-gesellschaft-dortmund.de\\\/wp-content\\\/uploads\\\/news20052025-scaled.jpg\",\"contentUrl\":\"https:\\\/\\\/mozart-gesellschaft-dortmund.de\\\/wp-content\\\/uploads\\\/news20052025-scaled.jpg\",\"width\":2560,\"height\":1698,\"caption\":\"@ Melanie Graas\"},{\"@type\":\"BreadcrumbList\",\"@id\":\"https:\\\/\\\/mozart-gesellschaft-dortmund.de\\\/en\\\/press\\\/ruhr-nachrichten-10\\\/#breadcrumb\",\"itemListElement\":[{\"@type\":\"ListItem\",\"position\":1,\"name\":\"Startseite\",\"item\":\"https:\\\/\\\/mozart-gesellschaft-dortmund.de\\\/en\\\/startseite\\\/\"},{\"@type\":\"ListItem\",\"position\":2,\"name\":\"Presse\",\"item\":\"https:\\\/\\\/mozart-gesellschaft-dortmund.de\\\/en\\\/press\\\/\"},{\"@type\":\"ListItem\",\"position\":3,\"name\":\"RUHR NACHRICHTEN\"}]},{\"@type\":\"WebSite\",\"@id\":\"https:\\\/\\\/mozart-gesellschaft-dortmund.de\\\/en\\\/#website\",\"url\":\"https:\\\/\\\/mozart-gesellschaft-dortmund.de\\\/en\\\/\",\"name\":\"Mozart Gesellschaft Dortmund e.V.\",\"description\":\"\",\"publisher\":{\"@id\":\"https:\\\/\\\/mozart-gesellschaft-dortmund.de\\\/en\\\/#organization\"},\"potentialAction\":[{\"@type\":\"SearchAction\",\"target\":{\"@type\":\"EntryPoint\",\"urlTemplate\":\"https:\\\/\\\/mozart-gesellschaft-dortmund.de\\\/en\\\/?s={search_term_string}\"},\"query-input\":{\"@type\":\"PropertyValueSpecification\",\"valueRequired\":true,\"valueName\":\"search_term_string\"}}],\"inLanguage\":\"en-US\"},{\"@type\":\"Organization\",\"@id\":\"https:\\\/\\\/mozart-gesellschaft-dortmund.de\\\/en\\\/#organization\",\"name\":\"Mozart Gesellschaft Dortmund e.V.\",\"url\":\"https:\\\/\\\/mozart-gesellschaft-dortmund.de\\\/en\\\/\",\"logo\":{\"@type\":\"ImageObject\",\"inLanguage\":\"en-US\",\"@id\":\"https:\\\/\\\/mozart-gesellschaft-dortmund.de\\\/en\\\/#\\\/schema\\\/logo\\\/image\\\/\",\"url\":\"https:\\\/\\\/mozart-gesellschaft-dortmund.de\\\/wp-content\\\/uploads\\\/MGD_Logo_70Jahre.svg\",\"contentUrl\":\"https:\\\/\\\/mozart-gesellschaft-dortmund.de\\\/wp-content\\\/uploads\\\/MGD_Logo_70Jahre.svg\",\"width\":96,\"height\":44,\"caption\":\"Mozart Gesellschaft Dortmund e.V.\"},\"image\":{\"@id\":\"https:\\\/\\\/mozart-gesellschaft-dortmund.de\\\/en\\\/#\\\/schema\\\/logo\\\/image\\\/\"},\"sameAs\":[\"https:\\\/\\\/www.facebook.com\\\/mozart.gesellschaft.dortmund\",\"https:\\\/\\\/www.instagram.com\\\/mozartgesellschaft\\\/\"]}]}<\/script>\n<!-- \/ Yoast SEO plugin. -->","yoast_head_json":{"title":"RUHR NACHRICHTEN - Mozart Gesellschaft Dortmund e.V.","robots":{"index":"index","follow":"follow","max-snippet":"max-snippet:-1","max-image-preview":"max-image-preview:large","max-video-preview":"max-video-preview:-1"},"canonical":"https:\/\/mozart-gesellschaft-dortmund.de\/en\/press\/ruhr-nachrichten-10\/","og_locale":"en_US","og_type":"article","og_title":"RUHR NACHRICHTEN - Mozart Gesellschaft Dortmund e.V.","og_description":"Mozart Gesellschaft beendet die Saison mit Teenager-Talenten Mit Musik von Mozart ist die 69. Saison der Mozart Gesellschaft Dortmund am Sonntagvormittag im Konzerthaus Dortmund ausgeklungen. Es war der Vormittag der 17 bis 20-J\u00e4hrigen. Read more","og_url":"https:\/\/mozart-gesellschaft-dortmund.de\/en\/press\/ruhr-nachrichten-10\/","og_site_name":"Mozart Gesellschaft Dortmund e.V.","article_publisher":"https:\/\/www.facebook.com\/mozart.gesellschaft.dortmund","og_image":[{"width":2560,"height":1698,"url":"https:\/\/mozart-gesellschaft-dortmund.de\/wp-content\/uploads\/news20052025-scaled.jpg","type":"image\/jpeg"}],"twitter_card":"summary_large_image","twitter_misc":{"Est. reading time":"2 minutes"},"schema":{"@context":"https:\/\/schema.org","@graph":[{"@type":"WebPage","@id":"https:\/\/mozart-gesellschaft-dortmund.de\/en\/press\/ruhr-nachrichten-10\/","url":"https:\/\/mozart-gesellschaft-dortmund.de\/en\/press\/ruhr-nachrichten-10\/","name":"RUHR NACHRICHTEN - Mozart Gesellschaft Dortmund e.V.","isPartOf":{"@id":"https:\/\/mozart-gesellschaft-dortmund.de\/en\/#website"},"primaryImageOfPage":{"@id":"https:\/\/mozart-gesellschaft-dortmund.de\/en\/press\/ruhr-nachrichten-10\/#primaryimage"},"image":{"@id":"https:\/\/mozart-gesellschaft-dortmund.de\/en\/press\/ruhr-nachrichten-10\/#primaryimage"},"thumbnailUrl":"https:\/\/mozart-gesellschaft-dortmund.de\/wp-content\/uploads\/news20052025-scaled.jpg","datePublished":"2025-05-20T08:56:35+00:00","breadcrumb":{"@id":"https:\/\/mozart-gesellschaft-dortmund.de\/en\/press\/ruhr-nachrichten-10\/#breadcrumb"},"inLanguage":"en-US","potentialAction":[{"@type":"ReadAction","target":["https:\/\/mozart-gesellschaft-dortmund.de\/en\/press\/ruhr-nachrichten-10\/"]}]},{"@type":"ImageObject","inLanguage":"en-US","@id":"https:\/\/mozart-gesellschaft-dortmund.de\/en\/press\/ruhr-nachrichten-10\/#primaryimage","url":"https:\/\/mozart-gesellschaft-dortmund.de\/wp-content\/uploads\/news20052025-scaled.jpg","contentUrl":"https:\/\/mozart-gesellschaft-dortmund.de\/wp-content\/uploads\/news20052025-scaled.jpg","width":2560,"height":1698,"caption":"@ Melanie Graas"},{"@type":"BreadcrumbList","@id":"https:\/\/mozart-gesellschaft-dortmund.de\/en\/press\/ruhr-nachrichten-10\/#breadcrumb","itemListElement":[{"@type":"ListItem","position":1,"name":"Startseite","item":"https:\/\/mozart-gesellschaft-dortmund.de\/en\/startseite\/"},{"@type":"ListItem","position":2,"name":"Presse","item":"https:\/\/mozart-gesellschaft-dortmund.de\/en\/press\/"},{"@type":"ListItem","position":3,"name":"RUHR NACHRICHTEN"}]},{"@type":"WebSite","@id":"https:\/\/mozart-gesellschaft-dortmund.de\/en\/#website","url":"https:\/\/mozart-gesellschaft-dortmund.de\/en\/","name":"Mozart Gesellschaft Dortmund e.V.","description":"","publisher":{"@id":"https:\/\/mozart-gesellschaft-dortmund.de\/en\/#organization"},"potentialAction":[{"@type":"SearchAction","target":{"@type":"EntryPoint","urlTemplate":"https:\/\/mozart-gesellschaft-dortmund.de\/en\/?s={search_term_string}"},"query-input":{"@type":"PropertyValueSpecification","valueRequired":true,"valueName":"search_term_string"}}],"inLanguage":"en-US"},{"@type":"Organization","@id":"https:\/\/mozart-gesellschaft-dortmund.de\/en\/#organization","name":"Mozart Gesellschaft Dortmund e.V.","url":"https:\/\/mozart-gesellschaft-dortmund.de\/en\/","logo":{"@type":"ImageObject","inLanguage":"en-US","@id":"https:\/\/mozart-gesellschaft-dortmund.de\/en\/#\/schema\/logo\/image\/","url":"https:\/\/mozart-gesellschaft-dortmund.de\/wp-content\/uploads\/MGD_Logo_70Jahre.svg","contentUrl":"https:\/\/mozart-gesellschaft-dortmund.de\/wp-content\/uploads\/MGD_Logo_70Jahre.svg","width":96,"height":44,"caption":"Mozart Gesellschaft Dortmund e.V."},"image":{"@id":"https:\/\/mozart-gesellschaft-dortmund.de\/en\/#\/schema\/logo\/image\/"},"sameAs":["https:\/\/www.facebook.com\/mozart.gesellschaft.dortmund","https:\/\/www.instagram.com\/mozartgesellschaft\/"]}]}},"_links":{"self":[{"href":"https:\/\/mozart-gesellschaft-dortmund.de\/en\/wp-json\/wp\/v2\/presse\/3795","targetHints":{"allow":["GET"]}}],"collection":[{"href":"https:\/\/mozart-gesellschaft-dortmund.de\/en\/wp-json\/wp\/v2\/presse"}],"about":[{"href":"https:\/\/mozart-gesellschaft-dortmund.de\/en\/wp-json\/wp\/v2\/types\/presse"}],"wp:featuredmedia":[{"embeddable":true,"href":"https:\/\/mozart-gesellschaft-dortmund.de\/en\/wp-json\/wp\/v2\/media\/3793"}],"wp:attachment":[{"href":"https:\/\/mozart-gesellschaft-dortmund.de\/en\/wp-json\/wp\/v2\/media?parent=3795"}],"curies":[{"name":"wp","href":"https:\/\/api.w.org\/{rel}","templated":true}]}}